{"id":520,"date":"2019-07-15T22:33:16","date_gmt":"2019-07-16T03:33:16","guid":{"rendered":"https:\/\/www.drestebancastro.com\/blog\/?p=520"},"modified":"2023-03-30T18:34:43","modified_gmt":"2023-03-31T00:34:43","slug":"politraumatismos-generalizados","status":"publish","type":"post","link":"https:\/\/www.drestebancastro.com\/blog\/politraumatismos-generalizados\/","title":{"rendered":"Politraumatismos Generalizados"},"content":{"rendered":"\n<div class=\"wp-block-rank-math-toc-block\" id=\"rank-math-toc\"><h2>Table of Contents<\/h2><nav><ul><li><a href=\"#politraumatismos-generalizados\">Politraumatismos Generalizados<\/a><\/li><\/ul><\/nav><\/div>\n\n\n\n<h2 class=\"wp-block-heading\" id=\"politraumatismos-generalizados\">Politraumatismos Generalizados<\/h2>\n\n\n\n<p><span lang=\"ES-VE\" style=\"font-size: 12.0pt; line-height: 115%; mso-bidi-font-family: Calibri; mso-bidi-theme-font: minor-latin;\"><strong><em>Politraumatismos Generalizados<\/em>:&nbsp;<\/strong>El politraumatismo es aquel en donde el paciente sufre un trauma m\u00faltiple, o lesiones m\u00faltiples de gravedad o potencialmente letales, en distintas \u00e1reas del cuerpo.<\/span><\/p>\n\n\n\n<p><span lang=\"ES-VE\" style=\"font-size: 12.0pt; line-height: 115%; mso-bidi-font-family: Calibri; mso-bidi-theme-font: minor-latin;\">Generalmente, los accidentes laborales y de tr\u00e1nsito se agrupan a un porcentaje elevado de morbimortalidad, y el traumatismo craneoencef\u00e1lico, las lesiones medulares y los traumatismos toracicoabdominales, son habitualmente las principales causas de incidencia que elevan la tr\u00e1gica lista de fallecidos.<\/span><\/p>\n\n\n\n<p><span lang=\"ES-VE\" style=\"font-size: 12.0pt; line-height: 115%; mso-bidi-font-family: Calibri; mso-bidi-theme-font: minor-latin;\">Los traumatismos tor\u00e1cicos causan generalmente la muerte directa en uno de cada cinco traumatismos graves. Gran parte de estas muertes se pueden haber evitado con un diagn\u00f3stico temprano y un tratamiento correcto en los servicios de urgencia. Por otro lado, vale la pena que solamente una tercera parte de estos casos se encuentren como lesi\u00f3n \u00fanica, agrup\u00e1ndose en los restantes e incluso con otras lesiones, habitualmente craneoencef\u00e1licas, abdominales y tambi\u00e9n lesiones \u00f3seas (<strong><em>Politraumatismos Generalizados<\/em><\/strong>).<\/span><\/p>\n\n\n\n<p><span lang=\"ES-VE\" style=\"font-size: 12.0pt; line-height: 115%; mso-bidi-font-family: Calibri; mso-bidi-theme-font: minor-latin;\">Hay traumatismos que por s\u00ed solos afectan distintas partes del cuerpo, como el abdomen, el t\u00f3rax, las extremidades e incluso la cabeza. Siendo la \u00faltima, la cifra m\u00e1s baja, pero m\u00e1s relacionada directamente al fallecimiento.<\/span><\/p>\n\n\n\n<p><b style=\"mso-bidi-font-weight: normal;\"><span lang=\"ES-VE\" style=\"font-size: 12.0pt; line-height: 115%; mso-bidi-font-family: Calibri; mso-bidi-theme-font: minor-latin;\">Politraumatismos en ni\u00f1os <\/span><\/b><\/p>\n\n\n\n<p><span lang=\"ES-VE\" style=\"font-size: 12.0pt; line-height: 115%; mso-bidi-font-family: Calibri; mso-bidi-theme-font: minor-latin;\">En la fisiolog\u00eda el \u00e1rea de impacto representa en el paciente infantil una gran porci\u00f3n incluso m\u00e1s extensa que en el adulto, donde la cinem\u00e1tica del trauma (alg\u00fan accidente vehicular o ca\u00edda desde alturas importantes) es m\u00e1s severa que en los pacientes adultos.<\/span><\/p>\n\n\n\n<p><span lang=\"ES-VE\" style=\"font-size: 12.0pt; line-height: 115%; mso-bidi-font-family: Calibri; mso-bidi-theme-font: minor-latin;\">Los traumas en las extremidades de los adultos el \u00e1rea de impacto y extensi\u00f3n equivale la zona del t\u00f3rax, el abdomen y las extremidades de un infante de cinco a\u00f1os de edad.<\/span><\/p>\n\n\n\n<p><span lang=\"ES-VE\" style=\"font-size: 12.0pt; line-height: 115%; mso-bidi-font-family: Calibri; mso-bidi-theme-font: minor-latin;\">El doctor que recibe un ni\u00f1o con un caso de poli trauma, por caracter\u00edsticas anat\u00f3micas y fisiol\u00f3gicas del paciente, debe mantener un alto grado de sospecha de algunas posibles lesiones internar de importancia, sin que haya ninguna evidencia de trastornos o estigmas externos, adem\u00e1s teniendo en cuenta el mecanismo completo del trauma a tratar (<strong><em>Politraumatismos Generalizados<\/em><\/strong>).<\/span><\/p>\n\n\n\n<p><span lang=\"ES-VE\" style=\"font-size: 12.0pt; line-height: 115%; mso-bidi-font-family: Calibri; mso-bidi-theme-font: minor-latin; background: white; mso-bidi-font-weight: bold;\">Los reci\u00e9n nacidos tienen una piel muy fina, y adem\u00e1s un control hipotal\u00e1mico de las temperaturas no desarrolladas.<\/span><\/p>\n\n\n\n<p><span lang=\"ES-VE\" style=\"font-size: 12.0pt; line-height: 115%; mso-bidi-font-family: Calibri; mso-bidi-theme-font: minor-latin; background: white; mso-bidi-font-weight: bold;\">Aun as\u00ed en los pacientes pedi\u00e1tricos de edad m\u00e1s avanzada, las temperaturas bajas de una sala o un local de emergencia suelen constituir factores ambientales no favorables, y as\u00ed producir hipotermia en los pacientes, empeorando de forma dr\u00e1stica su estado de salud, si es necesario mantenerlos sin cubrir durante la observaci\u00f3n, se debe mantener en una camilla con una fuerza de calor radiante sobre su cuerpo.<\/span><\/p>\n\n\n\n<p><span lang=\"ES-VE\" style=\"font-size: 12.0pt; line-height: 115%; mso-bidi-font-family: Calibri; mso-bidi-theme-font: minor-latin; background: white; mso-bidi-font-weight: bold;\">En el infante la respiraci\u00f3n es fundamentalmente diafragm\u00e1tica y el desarrollo de forma incompleta del musculo da\u00f1ado, lo coloca como candidato importante a padecer de apnea y de fatiga muscular severa.<\/span><\/p>\n\n\n\n<p><a href=\"https:\/\/www.drestebancastro.com\/blog\"><strong><em>Politraumatismos Generalizados<\/em><\/strong><\/a><\/p>\n\n\n\n<div class=\"wp-block-buttons is-layout-flex wp-block-buttons-is-layout-flex\">\n<div class=\"wp-block-button has-custom-width wp-block-button__width-100 has-custom-font-size is-style-fill has-medium-font-size\"><a class=\"wp-block-button__link has-white-color has-text-color has-background\" href=\"https:\/\/www.doctoralia.com.mx\/esteban-castro-contreras-2\/ortopedista-traumatologo\/tlajomulco-de-zuniga?utm_source=widget-doctor-63351&amp;utm_medium=certificate&amp;utm_campaign=&amp;utm_content=#highlight-calendar\" style=\"background-color:#00c3a5\" target=\"_blank\" rel=\"noreferrer noopener\"> Agenda una cita <\/a><\/div>\n\n\n\n<div class=\"wp-block-button has-custom-width wp-block-button__width-100 is-style-fill\"><a class=\"wp-block-button__link has-background\" href=\"https:\/\/www.drestebancastro.com\/blog\/\" style=\"background-color:#0798bc\" target=\"_blank\" rel=\"noreferrer noopener\"> Conoce m\u00e1s <\/a><\/div>\n\n\n\n<div class=\"wp-block-button has-custom-width wp-block-button__width-50 is-style-outline is-style-outline--1\"><a class=\"wp-block-button__link has-text-color\" href=\"https:\/\/www.facebook.com\/Dr-Esteban-Castro-Contreras-Traumat%C3%B3logo-y-Ortopedista-121291695221565\/\" style=\"color:#0798bc\" target=\"_blank\" rel=\"noreferrer noopener\"> Facebook<\/a><\/div>\n\n\n\n<div class=\"wp-block-button has-custom-width wp-block-button__width-50 is-style-outline is-style-outline--2\"><a class=\"wp-block-button__link has-white-background-color has-text-color has-background\" href=\"https:\/\/www.instagram.com\/drestebancastrotrauma\/\" style=\"color:#0798bc\" target=\"_blank\" rel=\"noreferrer noopener\"> Instagram<\/a><\/div>\n<\/div>\n","protected":false},"excerpt":{"rendered":"<p>Politraumatismos Generalizados: El politraumatismo es aquel en donde el paciente sufre un trauma m\u00faltiple, o lesiones m\u00faltiples de gravedad o potencialmente letales, en distintas \u00e1reas del cuerpo.<\/p>\n","protected":false},"author":1,"featured_media":1100,"comment_status":"open","ping_status":"open","sticky":false,"template":"","format":"standard","meta":{"_et_pb_use_builder":"","_et_pb_old_content":"","_et_gb_content_width":"","footnotes":""},"categories":[693],"tags":[55,140,96,63,26,48,99,64,25,65,20,265,56,54,92,266,23],"class_list":["post-520","post","type-post","status-publish","format-standard","has-post-thumbnail","hentry","category-musculos-articulaciones-huesos-cartilago-tendones","tag-cirugia","tag-cirugia-artroscopica","tag-cirugia-de-mano","tag-cirugia-de-rodilla","tag-clinica-de-ortopedia","tag-dolor-de-hombro","tag-dolor-en-el-codo","tag-dr-esteban-castro","tag-hospital-de-traumatologia","tag-lesiones-de-rodilla","tag-ortopedia-guadalajara","tag-politraumatismo","tag-reeconstruccion-quirurgica","tag-rehabilitacion-fisica","tag-tratamientos","tag-traumatismo","tag-traumatologo-en-guadalajara"],"_links":{"self":[{"href":"https:\/\/www.drestebancastro.com\/blog\/wp-json\/wp\/v2\/posts\/520","targetHints":{"allow":["GET"]}}],"collection":[{"href":"https:\/\/www.drestebancastro.com\/blog\/wp-json\/wp\/v2\/posts"}],"about":[{"href":"https:\/\/www.drestebancastro.com\/blog\/wp-json\/wp\/v2\/types\/post"}],"author":[{"embeddable":true,"href":"https:\/\/www.drestebancastro.com\/blog\/wp-json\/wp\/v2\/users\/1"}],"replies":[{"embeddable":true,"href":"https:\/\/www.drestebancastro.com\/blog\/wp-json\/wp\/v2\/comments?post=520"}],"version-history":[{"count":6,"href":"https:\/\/www.drestebancastro.com\/blog\/wp-json\/wp\/v2\/posts\/520\/revisions"}],"predecessor-version":[{"id":2886,"href":"https:\/\/www.drestebancastro.com\/blog\/wp-json\/wp\/v2\/posts\/520\/revisions\/2886"}],"wp:featuredmedia":[{"embeddable":true,"href":"https:\/\/www.drestebancastro.com\/blog\/wp-json\/wp\/v2\/media\/1100"}],"wp:attachment":[{"href":"https:\/\/www.drestebancastro.com\/blog\/wp-json\/wp\/v2\/media?parent=520"}],"wp:term":[{"taxonomy":"category","embeddable":true,"href":"https:\/\/www.drestebancastro.com\/blog\/wp-json\/wp\/v2\/categories?post=520"},{"taxonomy":"post_tag","embeddable":true,"href":"https:\/\/www.drestebancastro.com\/blog\/wp-json\/wp\/v2\/tags?post=520"}],"curies":[{"name":"wp","href":"https:\/\/api.w.org\/{rel}","templated":true}]}}